{"id":16638,"date":"2017-06-06T23:20:04","date_gmt":"2017-06-07T03:20:04","guid":{"rendered":"https:\/\/www.armenianchurch.ca\/archives\/16638"},"modified":"2017-06-06T23:20:04","modified_gmt":"2017-06-07T03:20:04","slug":"la-6eme-assemblee-des-representants-de-leglise-armenienne-a-ete-convoquee-au-saint-siege-detchmiadzine","status":"publish","type":"post","link":"https:\/\/armenianchurch.ca\/fr\/archives\/16638","title":{"rendered":"La 6\u00e8me assembl\u00e9e des repr\u00e9sentants de l&rsquo;\u00c9glise arm\u00e9nienne a \u00e9t\u00e9 convoqu\u00e9e au Saint-Si\u00e8ge d\u2019Etchmiadzine"},"content":{"rendered":"<p style=\"text-align: justify;\">Le 6 juin, 2017, sous la pr\u00e9sidence de Sa Saintet\u00e9 Karekin II, Patriarche Supr\u00eame et Catholicos de tous les Arm\u00e9niens, la r\u00e9union de quatre jours de la 6\u00e8me Assembl\u00e9e des repr\u00e9sentants de l&rsquo;\u00c9glise arm\u00e9nienne, a d\u00e9but\u00e9e au Saint-Si\u00e8ge d\u2019Etchmiadzine.<\/p>\n<p style=\"text-align: justify;\">Les participants sont les \u00c9v\u00eaques du Saint-Si\u00e8ge et des Si\u00e8ges Hi\u00e9rarchiques, les Primats des Dioc\u00e8ses de l&rsquo;Arm\u00e9nie et de la Diaspora, Locum Tenens, les membres du Conseil supr\u00eame spirituel, le clerg\u00e9 \u00e9lu et les repr\u00e9sentants la\u00efcs des Si\u00e8ges hi\u00e9rarchiques, les d\u00e9l\u00e9gations pontificales et dioc\u00e9saines \u00e0 travers le monde.<\/p>\n<p style=\"text-align: justify;\">Une d\u00e9l\u00e9gation du Dioc\u00e8se arm\u00e9nien du Canada, dirig\u00e9e par Sa Gr\u00e2ce l\u2019\u00c9v\u00eaque Abgar Hovakimyan, Primat, comprenant Mme Apet Alpay, Pr\u00e9sidente du Conseil dioc\u00e9sain, et M. Ohan Ohanessian, Vice-pr\u00e9sident du Conseil dioc\u00e9sain, est all\u00e9e au Saint-Si\u00e8ge d\u2019Etchmiadzine &#8211; centre spirituel de tous les Arm\u00e9niens, pour participer \u00e0 l\u2019Assembl\u00e9e et repr\u00e9senter le Dioc\u00e8se arm\u00e9nien du Canada.<\/p>\n<p><iframe title=\"6th Armenian Church Representative Assembly was Convened in the Mother See of Holy Etchmiadzin\" width=\"1170\" height=\"658\" src=\"https:\/\/www.youtube.com\/embed\/0hBEVxc89UA?feature=oembed\" frameborder=\"0\" allow=\"accelerometer; autoplay; encrypted-media; gyroscope; picture-in-picture\" allowfullscreen><\/iframe><\/p>\n<p style=\"text-align: center;\">\n\t\t<!-- MasterSlider -->\n\t\t<div id=\"P_MS69f2715f6ea99\" class=\"master-slider-parent msl ms-parent-id-14\" style=\"max-width:1200px;\">\n\n\t\t\t\n\t\t\t<!-- MasterSlider Main -->\n\t\t\t<div id=\"MS69f2715f6ea99\" class=\"master-slider ms-skin-default\" >\n\t\t\t\t \t\t\t\t \n\t\t\t\t<div  class=\"ms-slide\" data-delay=\"3\" data-fill-mode=\"fill\"  >\n\t\t\t\t\t<img decoding=\"async\" src=\"https:\/\/armenianchurch.ca\/wp-content\/plugins\/master-slider\/public\/assets\/css\/blank.gif\" alt=\"\" title=\"\" data-src=\"https:\/\/armenianchurch.ca\/wp-content\/uploads\/2017\/06\/1-1-1200x720.jpg\" \/>\n\n\n\t<img decoding=\"async\" class=\"ms-thumb\" src=\"https:\/\/armenianchurch.ca\/wp-content\/uploads\/2017\/06\/1-1-140x80.jpg\" alt=\"\" \/>\n\t<div class=\"ms-thumb\" ><div class=\"ms-tab-context\"><div class=\"&quot;ms-tab-context&quot;\"><\/div><\/div>\n<\/div>\n\t\t\t\t<\/div>\n\t\t\t\t<div  class=\"ms-slide\" data-delay=\"3\" data-fill-mode=\"fill\"  >\n\t\t\t\t\t<img decoding=\"async\" src=\"https:\/\/armenianchurch.ca\/wp-content\/plugins\/master-slider\/public\/assets\/css\/blank.gif\" alt=\"\" title=\"\" data-src=\"https:\/\/armenianchurch.ca\/wp-content\/uploads\/2017\/06\/2-1200x720.jpg\" \/>\n\n\n\t<img decoding=\"async\" class=\"ms-thumb\" src=\"https:\/\/armenianchurch.ca\/wp-content\/uploads\/2017\/06\/2-140x80.jpg\" alt=\"\" \/>\n\t<div class=\"ms-thumb\" ><div class=\"ms-tab-context\"><div class=\"&quot;ms-tab-context&quot;\"><\/div><\/div>\n<\/div>\n\t\t\t\t<\/div>\n\t\t\t\t<div  class=\"ms-slide\" data-delay=\"3\" data-fill-mode=\"fill\"  >\n\t\t\t\t\t<img decoding=\"async\" src=\"https:\/\/armenianchurch.ca\/wp-content\/plugins\/master-slider\/public\/assets\/css\/blank.gif\" alt=\"\" title=\"\" data-src=\"https:\/\/armenianchurch.ca\/wp-content\/uploads\/2017\/06\/3-1200x720.jpg\" \/>\n\n\n\t<img decoding=\"async\" class=\"ms-thumb\" src=\"https:\/\/armenianchurch.ca\/wp-content\/uploads\/2017\/06\/3-140x80.jpg\" alt=\"\" \/>\n\t<div class=\"ms-thumb\" ><div class=\"ms-tab-context\"><div class=\"&quot;ms-tab-context&quot;\"><\/div><\/div>\n<\/div>\n\t\t\t\t<\/div>\n\t\t\t\t<div  class=\"ms-slide\" data-delay=\"3\" data-fill-mode=\"fill\"  >\n\t\t\t\t\t<img decoding=\"async\" src=\"https:\/\/armenianchurch.ca\/wp-content\/plugins\/master-slider\/public\/assets\/css\/blank.gif\" alt=\"\" title=\"\" data-src=\"https:\/\/armenianchurch.ca\/wp-content\/uploads\/2017\/06\/4-1200x720.jpg\" \/>\n\n\n\t<img decoding=\"async\" class=\"ms-thumb\" src=\"https:\/\/armenianchurch.ca\/wp-content\/uploads\/2017\/06\/4-140x80.jpg\" alt=\"\" \/>\n\t<div class=\"ms-thumb\" ><div class=\"ms-tab-context\"><div class=\"&quot;ms-tab-context&quot;\"><\/div><\/div>\n<\/div>\n\t\t\t\t<\/div>\n\n\t\t\t<\/div>\n\t\t\t<!-- END MasterSlider Main -->\n\n\t\t\t \n\t\t<\/div>\n\t\t<!-- END MasterSlider -->\n\n\t\t<script>\n\t\t(function ( $ ) {\n\t\t\t\"use strict\";\n\n\t\t\t$(function () {\n\t\t\t\tvar masterslider_ea99 = new MasterSlider();\n\n\t\t\t\t\/\/ slider controls\n\t\t\t\tmasterslider_ea99.control('arrows'     ,{ autohide:true, overVideo:true  });\t\t\t\tmasterslider_ea99.control('bullets'    ,{ autohide:true, overVideo:true, dir:'h', align:'bottom' , margin:10  });\n\n\t\t\t\tmasterslider_ea99.control('thumblist'  ,{ autohide:false, overVideo:true, dir:'h', speed:17, inset:false, arrows:false, hover:false, customClass:'', align:'bottom',type:'thumbs', margin:5, width:140, height:80, space:5, fillMode:'fill'  });\n\t\t\t\t\/\/ slider setup\n\t\t\t\tmasterslider_ea99.setup(\"MS69f2715f6ea99\", {\n\t\t\t\t\t\twidth           : 1200,\n\t\t\t\t\t\theight          : 720,\n\t\t\t\t\t\tminHeight       : 0,\n\t\t\t\t\t\tspace           : 0,\n\t\t\t\t\t\tstart           : 1,\n\t\t\t\t\t\tgrabCursor      : true,\n\t\t\t\t\t\tswipe           : true,\n\t\t\t\t\t\tmouse           : true,\n\t\t\t\t\t\tlayout          : \"boxed\",\n\t\t\t\t\t\twheel           : false,\n\t\t\t\t\t\tautoplay        : true,\n\t\t\t\t\t\tinstantStartLayers:false,\n\t\t\t\t\t\tloop            : false,\n\t\t\t\t\t\tshuffle         : false,\n\t\t\t\t\t\tpreload         : 0,\n\t\t\t\t\t\theightLimit     : true,\n\t\t\t\t\t\tautoHeight      : true,\n\t\t\t\t\t\tsmoothHeight    : true,\n\t\t\t\t\t\tendPause        : false,\n\t\t\t\t\t\toverPause       : true,\n\t\t\t\t\t\tfillMode        : \"fill\",\n\t\t\t\t\t\tcenterControls  : true,\n\t\t\t\t\t\tstartOnAppear   : false,\n\t\t\t\t\t\tlayersMode      : \"center\",\n\t\t\t\t\t\thideLayers      : false,\n\t\t\t\t\t\tfullscreenMargin: 0,\n\t\t\t\t\t\tspeed           : 20,\n\t\t\t\t\t\tdir             : \"h\",\n\t\t\t\t\t\tparallaxMode    : 'swipe',\n\t\t\t\t\t\tview            : \"basic\"\n\t\t\t\t});\n\n\t\t\t\t\n\t\t\t\twindow.masterslider_instances = window.masterslider_instances || [];\n\t\t\t\twindow.masterslider_instances.push( masterslider_ea99 );\n\t\t\t });\n\n\t\t})(jQuery);\n\t\t<\/script>\n\n<\/p>\n","protected":false},"excerpt":{"rendered":"<p>Le 6 juin, 2017, sous la pr\u00e9sidence de Sa Saintet\u00e9 Karekin II, Patriarche Supr\u00eame et Catholicos de tous les Arm\u00e9niens, la r\u00e9union de quatre jours de la 6\u00e8me Assembl\u00e9e des repr\u00e9sentants de l&rsquo;\u00c9glise arm\u00e9nienne, a d\u00e9but\u00e9e au Saint-Si\u00e8ge d\u2019Etchmiadzine. Les participants sont les \u00c9v\u00eaques du Saint-Si\u00e8ge et des Si\u00e8ges Hi\u00e9rarchiques, les Primats des Dioc\u00e8ses de [&hellip;]<\/p>\n","protected":false},"author":4,"featured_media":16639,"comment_status":"closed","ping_status":"closed","sticky":false,"template":"","format":"standard","meta":{"give_campaign_id":0,"footnotes":""},"categories":[338,346],"tags":[],"class_list":["post-16638","post","type-post","status-publish","format-standard","has-post-thumbnail","hentry","category-armenie","category-diocesan-news-fr"],"aioseo_notices":[],"_links":{"self":[{"href":"https:\/\/armenianchurch.ca\/fr\/wp-json\/wp\/v2\/posts\/16638","targetHints":{"allow":["GET"]}}],"collection":[{"href":"https:\/\/armenianchurch.ca\/fr\/wp-json\/wp\/v2\/posts"}],"about":[{"href":"https:\/\/armenianchurch.ca\/fr\/wp-json\/wp\/v2\/types\/post"}],"author":[{"embeddable":true,"href":"https:\/\/armenianchurch.ca\/fr\/wp-json\/wp\/v2\/users\/4"}],"replies":[{"embeddable":true,"href":"https:\/\/armenianchurch.ca\/fr\/wp-json\/wp\/v2\/comments?post=16638"}],"version-history":[{"count":0,"href":"https:\/\/armenianchurch.ca\/fr\/wp-json\/wp\/v2\/posts\/16638\/revisions"}],"wp:featuredmedia":[{"embeddable":true,"href":"https:\/\/armenianchurch.ca\/fr\/wp-json\/wp\/v2\/media\/16639"}],"wp:attachment":[{"href":"https:\/\/armenianchurch.ca\/fr\/wp-json\/wp\/v2\/media?parent=16638"}],"wp:term":[{"taxonomy":"category","embeddable":true,"href":"https:\/\/armenianchurch.ca\/fr\/wp-json\/wp\/v2\/categories?post=16638"},{"taxonomy":"post_tag","embeddable":true,"href":"https:\/\/armenianchurch.ca\/fr\/wp-json\/wp\/v2\/tags?post=16638"}],"curies":[{"name":"wp","href":"https:\/\/api.w.org\/{rel}","templated":true}]}}