{"id":16643,"date":"2017-06-13T23:25:39","date_gmt":"2017-06-14T03:25:39","guid":{"rendered":"https:\/\/www.armenianchurch.ca\/archives\/16643"},"modified":"2017-06-13T23:25:39","modified_gmt":"2017-06-14T03:25:39","slug":"la-fete-de-sainte-gayane-et-ses-compagnes","status":"publish","type":"post","link":"https:\/\/armenianchurch.ca\/fr\/archives\/16643","title":{"rendered":"La F\u00eate de Sainte Gayan\u00e9 et ses compagnes"},"content":{"rendered":"<p style=\"text-align: justify;\">Le 13 juin 2017, l&rsquo;\u00c9glise apostolique arm\u00e9nienne a comm\u00e9mor\u00e9 la f\u00eate de Sainte Gayan\u00e9 et ses compagnes religieuses.<\/p>\n<p style=\"text-align: justify;\">La procession eccl\u00e9siastique s\u2019est dirig\u00e9e vers le Monast\u00e8re de Sainte Gayan\u00e9, conduite par Sa Saintet\u00e9 Karekin II, Patriarche Supr\u00eame et Catholicos de tous les Arm\u00e9niens, qui b\u00e9nit la foule le long de la procession. Puis Sa Saintet\u00e9 a transmis la Relique Sainte \u00e0 l&rsquo;\u00c9v\u00eaque Abgar Hovakimyan, Primat du Dioc\u00e8se arm\u00e9nien du Canada.<\/p>\n<p style=\"text-align: justify;\">Devant le Monast\u00e8re de Sainte Gayan\u00e9, la procession fut accueillie par de nombreux p\u00e8lerins, le clerg\u00e9 et l&rsquo;\u00c9v\u00eaque Artak Tigranyan doyen du Saint-Si\u00e8ge.<\/p>\n<p style=\"text-align: justify;\">A l\u2019occasion de la f\u00eate, une Messe fut c\u00e9l\u00e9br\u00e9e par le R\u00e9v\u00e9rend P\u00e8re Koryun Arakelian, abb\u00e9 du monast\u00e8re de Sainte Gayane.<\/p>\n<p><iframe title=\"Feast of Saint Gayane Celebrated in Mother See, 13 June 2017\" width=\"1170\" height=\"658\" src=\"https:\/\/www.youtube.com\/embed\/Tio_PdoCeVQ?feature=oembed\" frameborder=\"0\" allow=\"accelerometer; autoplay; encrypted-media; gyroscope; picture-in-picture\" allowfullscreen><\/iframe><\/p>\n","protected":false},"excerpt":{"rendered":"<p>Le 13 juin 2017, l&rsquo;\u00c9glise apostolique arm\u00e9nienne a comm\u00e9mor\u00e9 la f\u00eate de Sainte Gayan\u00e9 et ses compagnes religieuses. La procession eccl\u00e9siastique s\u2019est dirig\u00e9e vers le Monast\u00e8re de Sainte Gayan\u00e9, conduite par Sa Saintet\u00e9 Karekin II, Patriarche Supr\u00eame et Catholicos de tous les Arm\u00e9niens, qui b\u00e9nit la foule le long de la procession. Puis Sa Saintet\u00e9 [&hellip;]<\/p>\n","protected":false},"author":4,"featured_media":16644,"comment_status":"closed","ping_status":"closed","sticky":false,"template":"","format":"standard","meta":{"give_campaign_id":0,"footnotes":""},"categories":[338,346],"tags":[],"class_list":["post-16643","post","type-post","status-publish","format-standard","has-post-thumbnail","hentry","category-armenie","category-diocesan-news-fr"],"aioseo_notices":[],"_links":{"self":[{"href":"https:\/\/armenianchurch.ca\/fr\/wp-json\/wp\/v2\/posts\/16643","targetHints":{"allow":["GET"]}}],"collection":[{"href":"https:\/\/armenianchurch.ca\/fr\/wp-json\/wp\/v2\/posts"}],"about":[{"href":"https:\/\/armenianchurch.ca\/fr\/wp-json\/wp\/v2\/types\/post"}],"author":[{"embeddable":true,"href":"https:\/\/armenianchurch.ca\/fr\/wp-json\/wp\/v2\/users\/4"}],"replies":[{"embeddable":true,"href":"https:\/\/armenianchurch.ca\/fr\/wp-json\/wp\/v2\/comments?post=16643"}],"version-history":[{"count":0,"href":"https:\/\/armenianchurch.ca\/fr\/wp-json\/wp\/v2\/posts\/16643\/revisions"}],"wp:featuredmedia":[{"embeddable":true,"href":"https:\/\/armenianchurch.ca\/fr\/wp-json\/wp\/v2\/media\/16644"}],"wp:attachment":[{"href":"https:\/\/armenianchurch.ca\/fr\/wp-json\/wp\/v2\/media?parent=16643"}],"wp:term":[{"taxonomy":"category","embeddable":true,"href":"https:\/\/armenianchurch.ca\/fr\/wp-json\/wp\/v2\/categories?post=16643"},{"taxonomy":"post_tag","embeddable":true,"href":"https:\/\/armenianchurch.ca\/fr\/wp-json\/wp\/v2\/tags?post=16643"}],"curies":[{"name":"wp","href":"https:\/\/api.w.org\/{rel}","templated":true}]}}