{"id":16678,"date":"2017-09-20T16:48:23","date_gmt":"2017-09-20T20:48:23","guid":{"rendered":"https:\/\/www.armenianchurch.ca\/archives\/16678"},"modified":"2017-09-20T16:48:23","modified_gmt":"2017-09-20T20:48:23","slug":"6eme-conference-pan-armenienne-armenie-diaspora","status":"publish","type":"post","link":"https:\/\/armenianchurch.ca\/fr\/archives\/16678","title":{"rendered":"6\u00e8me conf\u00e9rence pan-arm\u00e9nienne Arm\u00e9nie-Diaspora"},"content":{"rendered":"<p style=\"text-align: justify;\">Du 18 au 20 septembre 2017, l&rsquo;\u00c9v\u00eaque Abgar Hovakimyan, Primat, participe \u00e0 la 6\u00e8me Conf\u00e9rence pan-arm\u00e9nienne Arm\u00e9nie-Diaspora, \u00e0 Erevan, en Arm\u00e9nie.<\/p>\n<p style=\"text-align: justify;\">La conf\u00e9rence intitul\u00e9e \u00abConfiance Mutuelle, Unit\u00e9 et Responsabilit\u00e9\u00bb a rassembl\u00e9 environ 1500 repr\u00e9sentants des organisations arm\u00e9niennes de la diaspora de plus de 70 pays du monde.<\/p>\n<p style=\"text-align: justify;\">Sa Saintet\u00e9 Karekin II, Patriarche Supr\u00eame et Catholicos de Tous les Arm\u00e9niens, Sa Saintet\u00e9 Aram I, Catholicos de la Grande Maison de Cilicie, S.E. Serzh Sargsyan, le Pr\u00e9sident de la R\u00e9publique d&rsquo;Arm\u00e9nie, S.E. Bako Sahakyan, le Pr\u00e9sident de la R\u00e9publique d&rsquo;Artsakh, des hauts fonctionnaires et dirigeants spirituels ont assist\u00e9 \u00e0 la conf\u00e9rence.<\/p>\n","protected":false},"excerpt":{"rendered":"<p>Du 18 au 20 septembre 2017, l&rsquo;\u00c9v\u00eaque Abgar Hovakimyan, Primat, participe \u00e0 la 6\u00e8me Conf\u00e9rence pan-arm\u00e9nienne Arm\u00e9nie-Diaspora, \u00e0 Erevan, en Arm\u00e9nie. La conf\u00e9rence intitul\u00e9e \u00abConfiance Mutuelle, Unit\u00e9 et Responsabilit\u00e9\u00bb a rassembl\u00e9 environ 1500 repr\u00e9sentants des organisations arm\u00e9niennes de la diaspora de plus de 70 pays du monde. Sa Saintet\u00e9 Karekin II, Patriarche Supr\u00eame et Catholicos [&hellip;]<\/p>\n","protected":false},"author":4,"featured_media":16679,"comment_status":"closed","ping_status":"closed","sticky":false,"template":"","format":"standard","meta":{"give_campaign_id":0,"footnotes":""},"categories":[338,346],"tags":[],"class_list":["post-16678","post","type-post","status-publish","format-standard","has-post-thumbnail","hentry","category-armenie","category-diocesan-news-fr"],"aioseo_notices":[],"_links":{"self":[{"href":"https:\/\/armenianchurch.ca\/fr\/wp-json\/wp\/v2\/posts\/16678","targetHints":{"allow":["GET"]}}],"collection":[{"href":"https:\/\/armenianchurch.ca\/fr\/wp-json\/wp\/v2\/posts"}],"about":[{"href":"https:\/\/armenianchurch.ca\/fr\/wp-json\/wp\/v2\/types\/post"}],"author":[{"embeddable":true,"href":"https:\/\/armenianchurch.ca\/fr\/wp-json\/wp\/v2\/users\/4"}],"replies":[{"embeddable":true,"href":"https:\/\/armenianchurch.ca\/fr\/wp-json\/wp\/v2\/comments?post=16678"}],"version-history":[{"count":0,"href":"https:\/\/armenianchurch.ca\/fr\/wp-json\/wp\/v2\/posts\/16678\/revisions"}],"wp:featuredmedia":[{"embeddable":true,"href":"https:\/\/armenianchurch.ca\/fr\/wp-json\/wp\/v2\/media\/16679"}],"wp:attachment":[{"href":"https:\/\/armenianchurch.ca\/fr\/wp-json\/wp\/v2\/media?parent=16678"}],"wp:term":[{"taxonomy":"category","embeddable":true,"href":"https:\/\/armenianchurch.ca\/fr\/wp-json\/wp\/v2\/categories?post=16678"},{"taxonomy":"post_tag","embeddable":true,"href":"https:\/\/armenianchurch.ca\/fr\/wp-json\/wp\/v2\/tags?post=16678"}],"curies":[{"name":"wp","href":"https:\/\/api.w.org\/{rel}","templated":true}]}}