{"id":17018,"date":"2018-12-07T23:42:35","date_gmt":"2018-12-08T04:42:35","guid":{"rendered":"https:\/\/www.armenianchurch.ca\/archives\/17018"},"modified":"2018-12-07T23:42:35","modified_gmt":"2018-12-08T04:42:35","slug":"la-commemoration-du-30e-anniversaire-du-tremblement-de-terre","status":"publish","type":"post","link":"https:\/\/armenianchurch.ca\/fr\/archives\/17018","title":{"rendered":"La comm\u00e9moration du 30e anniversaire du tremblement de terre"},"content":{"rendered":"<p><iframe title=\"30th Anniversary of the Earthquake Commemorated at the Embassy of Armenia, 07.12.2018 (Shoghakat TV)\" width=\"1170\" height=\"658\" src=\"https:\/\/www.youtube.com\/embed\/akuwvrDB_lU?feature=oembed\" frameborder=\"0\" allow=\"accelerometer; autoplay; encrypted-media; gyroscope; picture-in-picture\" allowfullscreen><\/iframe><\/p>\n<p style=\"text-align: justify;\">Le 7 d\u00e9cembre 2018, l&rsquo;Ambassade de la R\u00e9publique d&rsquo;Arm\u00e9nie au Canada a comm\u00e9mor\u00e9 le 30e anniversaire du tremblement de terre de 1988. Le clerg\u00e9 de l&rsquo;\u00c9glise Apostolique arm\u00e9nienne dirig\u00e9s par Sa Grace \u00c9v\u00eaque Abgar Hovakimyan, Primat et Son \u00c9minence Archev\u00eaque Papken Tcharian, ainsi que des repr\u00e9sentants et de la communaut\u00e9 arm\u00e9nienne ont assist\u00e9 \u00e0 l&rsquo;\u00e9v\u00e9nement. Au cours de la c\u00e9r\u00e9monie, le Conseiller de l&rsquo;Ambassade, Ara Mkrtchian, a soulign\u00e9 qu&rsquo;il \u00e9tait important de se souvenir des lourdes pertes caus\u00e9es au peuple arm\u00e9nien par ce tremblement de terre catastrophique.<\/p>\n","protected":false},"excerpt":{"rendered":"<p>Le 7 d\u00e9cembre 2018, l&rsquo;Ambassade de la R\u00e9publique d&rsquo;Arm\u00e9nie au Canada a comm\u00e9mor\u00e9 le 30e anniversaire du tremblement de terre de 1988. Le clerg\u00e9 de l&rsquo;\u00c9glise Apostolique arm\u00e9nienne dirig\u00e9s par Sa Grace \u00c9v\u00eaque Abgar Hovakimyan, Primat et Son \u00c9minence Archev\u00eaque Papken Tcharian, ainsi que des repr\u00e9sentants et de la communaut\u00e9 arm\u00e9nienne ont assist\u00e9 \u00e0 l&rsquo;\u00e9v\u00e9nement. [&hellip;]<\/p>\n","protected":false},"author":4,"featured_media":17019,"comment_status":"closed","ping_status":"closed","sticky":false,"template":"","format":"standard","meta":{"give_campaign_id":0,"footnotes":""},"categories":[338,346],"tags":[],"class_list":["post-17018","post","type-post","status-publish","format-standard","has-post-thumbnail","hentry","category-armenie","category-diocesan-news-fr"],"aioseo_notices":[],"_links":{"self":[{"href":"https:\/\/armenianchurch.ca\/fr\/wp-json\/wp\/v2\/posts\/17018","targetHints":{"allow":["GET"]}}],"collection":[{"href":"https:\/\/armenianchurch.ca\/fr\/wp-json\/wp\/v2\/posts"}],"about":[{"href":"https:\/\/armenianchurch.ca\/fr\/wp-json\/wp\/v2\/types\/post"}],"author":[{"embeddable":true,"href":"https:\/\/armenianchurch.ca\/fr\/wp-json\/wp\/v2\/users\/4"}],"replies":[{"embeddable":true,"href":"https:\/\/armenianchurch.ca\/fr\/wp-json\/wp\/v2\/comments?post=17018"}],"version-history":[{"count":0,"href":"https:\/\/armenianchurch.ca\/fr\/wp-json\/wp\/v2\/posts\/17018\/revisions"}],"wp:featuredmedia":[{"embeddable":true,"href":"https:\/\/armenianchurch.ca\/fr\/wp-json\/wp\/v2\/media\/17019"}],"wp:attachment":[{"href":"https:\/\/armenianchurch.ca\/fr\/wp-json\/wp\/v2\/media?parent=17018"}],"wp:term":[{"taxonomy":"category","embeddable":true,"href":"https:\/\/armenianchurch.ca\/fr\/wp-json\/wp\/v2\/categories?post=17018"},{"taxonomy":"post_tag","embeddable":true,"href":"https:\/\/armenianchurch.ca\/fr\/wp-json\/wp\/v2\/tags?post=17018"}],"curies":[{"name":"wp","href":"https:\/\/api.w.org\/{rel}","templated":true}]}}