{"id":20117,"date":"2020-04-23T12:10:36","date_gmt":"2020-04-23T16:10:36","guid":{"rendered":"https:\/\/www.armenianchurch.ca\/archives\/20117"},"modified":"2020-04-24T12:21:33","modified_gmt":"2020-04-24T16:21:33","slug":"prayer-for-the-intercession-of-the-genocide-saints","status":"publish","type":"post","link":"https:\/\/armenianchurch.ca\/fr\/archives\/20117","title":{"rendered":"105e anniversaire du G\u00e9nocide arm\u00e9nien"},"content":{"rendered":"<p>Le Saint-Si\u00e8ge d\u2019Etchmiadzine a demand\u00e9 aux \u00c9glises arm\u00e9nienne du monde entier d\u2019observer des moments de silence, suivis de sonneries de cloches prolong\u00e9es, a l\u2019occasion de la f\u00eate des Saints Martyrs du G\u00e9nocide arm\u00e9nien.<\/p>\n<p>Le jeudi 23 avril \u00e0 21 heures, les fid\u00e8les sont invit\u00e9s \u00e0 tamiser les lumi\u00e8res de leurs maisons et \u00e0 allumer des bougies en m\u00e9moire des Saints Martyrs du G\u00e9nocide. Simultan\u00e9ment, les cloches sonneront dans les \u00c9glises arm\u00e9niennes locales pendant trois minutes.<\/p>\n<p>Le vendredi 24 avril (jour de la f\u00eate), \u00e0 \u200b\u200bmidi (12 heures), les fid\u00e8les sont invit\u00e9s \u00e0 observer une minute de silence \u00e0 la m\u00e9moire des Martyrs du g\u00e9nocide. Apr\u00e8s cette p\u00e9riode, les cloches des \u00c9glises sonneront \u00e0 nouveau pendant trois minutes.<\/p>\n<p>Les Paroisses et les fid\u00e8les devraient faire ces observances selon leurs fuseaux horaires locaux respectifs.<\/p>\n<p>Sa Saintet\u00e9 Karekin II, le Patriarche Supr\u00eame et Catholicos de tous les Arm\u00e9niens, a charg\u00e9 tous les Dioc\u00e8ses de l\u2019\u00c9glise arm\u00e9nienne de transmettre cette information aux fid\u00e8les, entendu que les circonstances actuelles ne permettent pas \u00e0 chaque \u00c9glise de r\u00e9aliser toutes les mesures.<\/p>\n<p style=\"text-align: left;\">Au Diocese arm\u00e9nien du Canada, les Paroisses locales offriront des services le jour de la f\u00eate, mais \u00e0 porte ferm\u00e9e au public, conform\u00e9ment aux restrictions pand\u00e9miques.<\/p>\n<p style=\"text-align: left;\">En pr\u00e9vision de la c\u00e9l\u00e9bration, demain, de la F\u00eate des Saints Martyrs du G\u00e9nocide arm\u00e9nien, voici la pri\u00e8re pour l&rsquo;intercession de nos Saints Martyrs du G\u00e9nocide, en fran\u00e7ais.<\/p>\n<p style=\"text-align: center;\"><em>Christ notre Seigneur, Tu couronnes tes Saints de triomphe et Tu r\u00e9alises la volont\u00e9 de tous ceux qui te craignent, prenant soin de Tes enfants avec amour et tendresse.<\/em><\/p>\n<p style=\"text-align: center;\"><em>\u00c9coute-nous de ton Saint Royaume des cieux par l&rsquo;intercession de la Bienheureuse M\u00e8re de Dieu et par les pri\u00e8res de tous tes Saints, en particulier les Saints Martyrs qui ont donn\u00e9 leur vie pendant le G\u00e9nocide arm\u00e9nien pour la foi et pour la patrie, dont nous comm\u00e9morons aujourd\u2019hui.<\/em><\/p>\n<p style=\"text-align: center;\"><em>\u00c9coute-nous, Seigneur, et montre-nous ta mis\u00e9ricorde. Gracie-nous, sauve et pardonne nos p\u00e9ch\u00e9s. Rends-nous dignes de te glorifier aupr\u00e8s du P\u00e8re et du Saint-Esprit.<\/em><\/p>\n<p style=\"text-align: center;\"><em>Maintenant et pour les si\u00e8cles des si\u00e8cles. Amen.<\/em><\/p>\n","protected":false},"excerpt":{"rendered":"<p>Le Saint-Si\u00e8ge d\u2019Etchmiadzine a demand\u00e9 aux \u00c9glises arm\u00e9nienne du monde entier d\u2019observer des moments de silence, suivis de sonneries de cloches prolong\u00e9es, a l\u2019occasion de la f\u00eate des Saints Martyrs du G\u00e9nocide arm\u00e9nien. Le jeudi 23 avril \u00e0 21 heures, les fid\u00e8les sont invit\u00e9s \u00e0 tamiser les lumi\u00e8res de leurs maisons et \u00e0 allumer des [&hellip;]<\/p>\n","protected":false},"author":4,"featured_media":16288,"comment_status":"closed","ping_status":"open","sticky":false,"template":"","format":"standard","meta":{"give_campaign_id":0,"footnotes":""},"categories":[346],"tags":[],"class_list":["post-20117","post","type-post","status-publish","format-standard","has-post-thumbnail","hentry","category-diocesan-news-fr"],"aioseo_notices":[],"_links":{"self":[{"href":"https:\/\/armenianchurch.ca\/fr\/wp-json\/wp\/v2\/posts\/20117","targetHints":{"allow":["GET"]}}],"collection":[{"href":"https:\/\/armenianchurch.ca\/fr\/wp-json\/wp\/v2\/posts"}],"about":[{"href":"https:\/\/armenianchurch.ca\/fr\/wp-json\/wp\/v2\/types\/post"}],"author":[{"embeddable":true,"href":"https:\/\/armenianchurch.ca\/fr\/wp-json\/wp\/v2\/users\/4"}],"replies":[{"embeddable":true,"href":"https:\/\/armenianchurch.ca\/fr\/wp-json\/wp\/v2\/comments?post=20117"}],"version-history":[{"count":4,"href":"https:\/\/armenianchurch.ca\/fr\/wp-json\/wp\/v2\/posts\/20117\/revisions"}],"predecessor-version":[{"id":20123,"href":"https:\/\/armenianchurch.ca\/fr\/wp-json\/wp\/v2\/posts\/20117\/revisions\/20123"}],"wp:featuredmedia":[{"embeddable":true,"href":"https:\/\/armenianchurch.ca\/fr\/wp-json\/wp\/v2\/media\/16288"}],"wp:attachment":[{"href":"https:\/\/armenianchurch.ca\/fr\/wp-json\/wp\/v2\/media?parent=20117"}],"wp:term":[{"taxonomy":"category","embeddable":true,"href":"https:\/\/armenianchurch.ca\/fr\/wp-json\/wp\/v2\/categories?post=20117"},{"taxonomy":"post_tag","embeddable":true,"href":"https:\/\/armenianchurch.ca\/fr\/wp-json\/wp\/v2\/tags?post=20117"}],"curies":[{"name":"wp","href":"https:\/\/api.w.org\/{rel}","templated":true}]}}