{"id":20606,"date":"2020-09-27T16:47:29","date_gmt":"2020-09-27T20:47:29","guid":{"rendered":"https:\/\/www.armenianchurch.ca\/archives\/20606"},"modified":"2020-09-28T14:06:37","modified_gmt":"2020-09-28T18:06:37","slug":"primates-appeal-concerning-the-aggression-of-azerbaijan-against-the-republic-of-artsakh","status":"publish","type":"post","link":"https:\/\/armenianchurch.ca\/fr\/archives\/20606","title":{"rendered":"Appel du Primat concernant l\u2019agression de l\u2019Azerba\u00efdjan contre la R\u00e9publique d\u2019Artsakh"},"content":{"rendered":"<p>Chers fr\u00e8res et s\u0153urs bien-aim\u00e9s en Christ,<\/p>\n<p>Ce matin, le 27 septembre 2020, les forces arm\u00e9es azerba\u00efdjanaises, en violation flagrante de l\u2019accord de cessez-le-feu, ont lanc\u00e9 une attaque \u00e0 grande \u00e9chelle sur toute la ligne de contact, bombardant des peuplements pacifiques en Artsakh, y compris la capitale Stepanakert. Les combats se poursuivent et malheureusement, ils ont fait des victimes parmi la population civile.<\/p>\n<p>Le clerg\u00e9 du Dioc\u00e8se arm\u00e9nien du Canada, le Conseil dioc\u00e9sain et les fid\u00e8les, expriment leur plein appui \u00e0 la M\u00e8re Patrie, \u00e0 la R\u00e9publique d\u2019Artsakh et aux Forces arm\u00e9es arm\u00e9niennes. Nous implorons que l\u2019aide et la b\u00e9n\u00e9diction de la Sainte-Croix de Varak soit accord\u00e9e \u00e0 notre nation pacifique.<\/p>\n<p>Nous exhortons nos fid\u00e8les au Canada \u00e0 \u00eatre vigilants et \u00e0 ne pas succomber aux provocations. Aujourd\u2019hui, comme toujours, nous devons nous tenir unis face \u00e0 l\u2019agression de l\u2019Azerba\u00efdjan.<\/p>\n<p>En cette p\u00e9riode difficile, les peuples d\u2019Arm\u00e9nie et d\u2019Artsakh ont besoin de nos pri\u00e8res et de notre soutien. Les \u00c9glises apostoliques arm\u00e9niennes du Canada ont re\u00e7u l\u2019instruction de tenir une pri\u00e8re pour la s\u00e9curit\u00e9 et la victoire en Arm\u00e9nie et en Artsakh, qui aura lieu le mardi 29 septembre 2020 \u00e0 midi.<\/p>\n<p>Que Notre Seigneur garde l\u2019Arm\u00e9nie et l\u2019Artsakh sous Sa protection divine, maintenant et pour toujours.\u00a0Amen!<\/p>\n<p>L\u2019\u00c9v\u00eaque Abgar Hovakimyan, Primat<\/p>\n","protected":false},"excerpt":{"rendered":"<p>Chers fr\u00e8res et s\u0153urs bien-aim\u00e9s en Christ, Ce matin, le 27 septembre 2020, les forces arm\u00e9es azerba\u00efdjanaises, en violation flagrante de l\u2019accord de cessez-le-feu, ont lanc\u00e9 une attaque \u00e0 grande \u00e9chelle sur toute la ligne de contact, bombardant des peuplements pacifiques en Artsakh, y compris la capitale Stepanakert. Les combats se poursuivent et malheureusement, ils [&hellip;]<\/p>\n","protected":false},"author":4,"featured_media":19730,"comment_status":"closed","ping_status":"open","sticky":false,"template":"","format":"standard","meta":{"give_campaign_id":0,"footnotes":""},"categories":[338,346],"tags":[],"class_list":["post-20606","post","type-post","status-publish","format-standard","has-post-thumbnail","hentry","category-armenie","category-diocesan-news-fr"],"aioseo_notices":[],"_links":{"self":[{"href":"https:\/\/armenianchurch.ca\/fr\/wp-json\/wp\/v2\/posts\/20606","targetHints":{"allow":["GET"]}}],"collection":[{"href":"https:\/\/armenianchurch.ca\/fr\/wp-json\/wp\/v2\/posts"}],"about":[{"href":"https:\/\/armenianchurch.ca\/fr\/wp-json\/wp\/v2\/types\/post"}],"author":[{"embeddable":true,"href":"https:\/\/armenianchurch.ca\/fr\/wp-json\/wp\/v2\/users\/4"}],"replies":[{"embeddable":true,"href":"https:\/\/armenianchurch.ca\/fr\/wp-json\/wp\/v2\/comments?post=20606"}],"version-history":[{"count":4,"href":"https:\/\/armenianchurch.ca\/fr\/wp-json\/wp\/v2\/posts\/20606\/revisions"}],"predecessor-version":[{"id":20629,"href":"https:\/\/armenianchurch.ca\/fr\/wp-json\/wp\/v2\/posts\/20606\/revisions\/20629"}],"wp:featuredmedia":[{"embeddable":true,"href":"https:\/\/armenianchurch.ca\/fr\/wp-json\/wp\/v2\/media\/19730"}],"wp:attachment":[{"href":"https:\/\/armenianchurch.ca\/fr\/wp-json\/wp\/v2\/media?parent=20606"}],"wp:term":[{"taxonomy":"category","embeddable":true,"href":"https:\/\/armenianchurch.ca\/fr\/wp-json\/wp\/v2\/categories?post=20606"},{"taxonomy":"post_tag","embeddable":true,"href":"https:\/\/armenianchurch.ca\/fr\/wp-json\/wp\/v2\/tags?post=20606"}],"curies":[{"name":"wp","href":"https:\/\/api.w.org\/{rel}","templated":true}]}}