{"id":20960,"date":"2020-11-30T08:02:26","date_gmt":"2020-11-30T13:02:26","guid":{"rendered":"https:\/\/www.armenianchurch.ca\/archives\/20960"},"modified":"2020-11-30T08:13:12","modified_gmt":"2020-11-30T13:13:12","slug":"joint-statement-by-most-rev-richard-gagnon-most-rev-mikael-mouradian-and-most-rev-abgar-hovakimyan","status":"publish","type":"post","link":"https:\/\/armenianchurch.ca\/fr\/archives\/20960","title":{"rendered":"D\u00e9claration conjointe de Mgr Richard Gagnon, Mgr Mikael Mouradian et Mgr Abgar Hovakimyan"},"content":{"rendered":"<p>Ces derni\u00e8res semaines, le monde entier a \u00e9t\u00e9 t\u00e9moin de la d\u00e9plorable effusion de sang innocent en Artsakh, \u00e9galement connu sous le nom de Haut-Karabakh, la terre ancestrale de la population arm\u00e9nienne locale.<\/p>\n<p>Les \u00e9preuves et la violence, la destruction et la souffrance ne peuvent \u00eatre ignor\u00e9es par la communaut\u00e9 internationale ni par les hommes et les femmes de foi.<\/p>\n<p>En tant que chefs religieux, nous \u00e9levons nos pri\u00e8res au Seigneur pour une r\u00e9solution pacifique, tout en regrettant cette tournure d\u2019\u00e9v\u00e9nements malheureux par lesquels les droits et libert\u00e9s fondamentaux du peuple continuent d\u2019\u00eatre viol\u00e9s en Artsakh.<\/p>\n<p>En outre, nous soutenons fermement les victimes de cette trag\u00e9die et nous encourageons sinc\u00e8rement toute initiative qui favorisera la justice et la paix pour tous. Nous d\u00e9plorons les attaques militaires et autres actes horribles de brutalit\u00e9 qui ont eu lieu, et nous appelons les dirigeants politiques \u00e0 travailler ensemble consciencieusement avec bonne volont\u00e9 et humilit\u00e9 afin que les libert\u00e9s inali\u00e9nables et donn\u00e9es par Dieu s&rsquo;\u00e9panouissent et que la s\u00e9r\u00e9nit\u00e9 r\u00e8gne de nouveau.<\/p>\n<p>Nous souhaitons \u00e9galement encourager le gouvernement du Canada \u00e0 de prendre des mesures concr\u00e8tes pour assurer la protection de la population arm\u00e9nienne locale et \u00a0\u00e0 d\u00e9ployer des efforts pour mettre en place un m\u00e9canisme par lequel les Arm\u00e9niens et Arm\u00e9niennes de souche puissent b\u00e9n\u00e9ficier des moyens d\u2019autod\u00e9termination dans cette r\u00e9gion.<\/p>\n<p>Avant que cette crise ne s&rsquo;aggrave davantage, nous faisons appel \u00e0 ceux et celles qui occupent des postes d&rsquo;autorit\u00e9, de responsabilit\u00e9 et d&rsquo;influence \u00e0 s&rsquo;engager dans des n\u00e9gociations sinc\u00e8res et de trouver une solution sans r\u00e9serve \u00e0 pour maintenir d\u00e9finitivement le cessez-le-feu et \u00e0 de travailler \u00e0 l&rsquo;unisson pour tracer une nouvelle voie afin que tous puissent vivre dans la paix et la prosp\u00e9rit\u00e9, avec la b\u00e9n\u00e9diction du Seigneur.<\/p>\n<p style=\"text-align: center;\"><strong>Mgr Richard Gagnon<\/strong><br \/>\nArchev\u00eaque de Winnipeg<br \/>\nPr\u00e9sident<br \/>\nConf\u00e9rence des \u00e9v\u00eaques catholiques du Canada<\/p>\n<p style=\"text-align: center;\"><strong>Mgr Mikael Mouradian<\/strong><br \/>\nPrimat de l\u2019\u00c9parchie des Arm\u00e9niens catholiques du Canada et des Etats-Unis<\/p>\n<p style=\"text-align: center;\"><strong>Mgr Abgar Hovakimyan<\/strong><br \/>\nPrimat du Dioc\u00e8se canadien de la Sainte \u00e9glise apostolique arm\u00e9nienne<\/p>\n","protected":false},"excerpt":{"rendered":"<p>Ces derni\u00e8res semaines, le monde entier a \u00e9t\u00e9 t\u00e9moin de la d\u00e9plorable effusion de sang innocent en Artsakh, \u00e9galement connu sous le nom de Haut-Karabakh, la terre ancestrale de la population arm\u00e9nienne locale. Les \u00e9preuves et la violence, la destruction et la souffrance ne peuvent \u00eatre ignor\u00e9es par la communaut\u00e9 internationale ni par les hommes [&hellip;]<\/p>\n","protected":false},"author":4,"featured_media":20963,"comment_status":"closed","ping_status":"open","sticky":false,"template":"","format":"standard","meta":{"give_campaign_id":0,"footnotes":""},"categories":[334,346],"tags":[],"class_list":["post-20960","post","type-post","status-publish","format-standard","has-post-thumbnail","hentry","category-interreligieux","category-diocesan-news-fr"],"aioseo_notices":[],"_links":{"self":[{"href":"https:\/\/armenianchurch.ca\/fr\/wp-json\/wp\/v2\/posts\/20960","targetHints":{"allow":["GET"]}}],"collection":[{"href":"https:\/\/armenianchurch.ca\/fr\/wp-json\/wp\/v2\/posts"}],"about":[{"href":"https:\/\/armenianchurch.ca\/fr\/wp-json\/wp\/v2\/types\/post"}],"author":[{"embeddable":true,"href":"https:\/\/armenianchurch.ca\/fr\/wp-json\/wp\/v2\/users\/4"}],"replies":[{"embeddable":true,"href":"https:\/\/armenianchurch.ca\/fr\/wp-json\/wp\/v2\/comments?post=20960"}],"version-history":[{"count":3,"href":"https:\/\/armenianchurch.ca\/fr\/wp-json\/wp\/v2\/posts\/20960\/revisions"}],"predecessor-version":[{"id":20968,"href":"https:\/\/armenianchurch.ca\/fr\/wp-json\/wp\/v2\/posts\/20960\/revisions\/20968"}],"wp:featuredmedia":[{"embeddable":true,"href":"https:\/\/armenianchurch.ca\/fr\/wp-json\/wp\/v2\/media\/20963"}],"wp:attachment":[{"href":"https:\/\/armenianchurch.ca\/fr\/wp-json\/wp\/v2\/media?parent=20960"}],"wp:term":[{"taxonomy":"category","embeddable":true,"href":"https:\/\/armenianchurch.ca\/fr\/wp-json\/wp\/v2\/categories?post=20960"},{"taxonomy":"post_tag","embeddable":true,"href":"https:\/\/armenianchurch.ca\/fr\/wp-json\/wp\/v2\/tags?post=20960"}],"curies":[{"name":"wp","href":"https:\/\/api.w.org\/{rel}","templated":true}]}}